{"id":3281,"date":"2025-06-16T16:45:26","date_gmt":"2025-06-16T15:45:26","guid":{"rendered":"https:\/\/www.dedova.cz\/?p=3281"},"modified":"2025-06-16T16:45:26","modified_gmt":"2025-06-16T15:45:26","slug":"letni-jizdy-parniho-vlaku-v-pardubickem-kraji","status":"publish","type":"post","link":"https:\/\/www.dedova.cz\/?p=3281","title":{"rendered":"Letn\u00ed j\u00edzdy parn\u00edho vlaku v Pardubick\u00e9m kraji"},"content":{"rendered":"<p>Leto\u0161n\u00ed letn\u00ed j\u00edzdy parn\u00edch vlak\u016f v Pardubick\u00e9m kraji, kter\u00e9 se budou konat ka\u017edou sobotu od<strong> 28. \u010dervna do 30. srpna.<\/strong><\/p>\n<p>Pod t\u00edmto odkazem naleznete tiskovou zpr\u00e1vu k akci: <a href=\"http:\/\/www.pardubickykraj.cz\/aktuality\/128852\/parni-vlaky-jsou-pripraveny-ke-startu-zavitaji-nove-take-do-litomysle\">www.pardubickykraj.cz\/aktuality\/128852\/parni-vlaky-jsou-pripraveny-ke-startu-zavitaji-nove-take-do-litomysle<\/a><\/p>\n<p>V\u0161echny d\u016fle\u017eit\u00e9 informace k j\u00edzd\u00e1m najdete na: <a href=\"https:\/\/vlaky.pardubickykraj.cz\/\">www.vlaky.pardubickykraj.cz<\/a><\/p>\n<p><a href=\"https:\/\/www.dedova.cz\/?attachment_id=3282\" rel=\"attachment wp-att-3282\"><img decoding=\"async\" loading=\"lazy\" class=\"alignnone  wp-image-3282\" src=\"https:\/\/www.dedova.cz\/wp-content\/uploads\/PK-Vlaky-2025-A4-726x1024.jpg\" alt=\"\" width=\"593\" height=\"836\" srcset=\"https:\/\/www.dedova.cz\/wp-content\/uploads\/PK-Vlaky-2025-A4-726x1024.jpg 726w, https:\/\/www.dedova.cz\/wp-content\/uploads\/PK-Vlaky-2025-A4-213x300.jpg 213w, https:\/\/www.dedova.cz\/wp-content\/uploads\/PK-Vlaky-2025-A4-768x1084.jpg 768w, https:\/\/www.dedova.cz\/wp-content\/uploads\/PK-Vlaky-2025-A4-1089x1536.jpg 1089w, https:\/\/www.dedova.cz\/wp-content\/uploads\/PK-Vlaky-2025-A4-1451x2048.jpg 1451w, https:\/\/www.dedova.cz\/wp-content\/uploads\/PK-Vlaky-2025-A4-scaled.jpg 1814w\" sizes=\"(max-width: 593px) 100vw, 593px\" \/><\/a><\/p>\n","protected":false},"excerpt":{"rendered":"<p>Leto\u0161n\u00ed letn\u00ed j\u00edzdy parn\u00edch vlak\u016f v Pardubick\u00e9m kraji, kter\u00e9 se budou konat ka\u017edou sobotu od 28. \u010dervna do 30. srpna. Pod t\u00edmto odkazem naleznete tiskovou zpr\u00e1vu k akci: www.pardubickykraj.cz\/aktuality\/128852\/parni-vlaky-jsou-pripraveny-ke-startu-zavitaji-nove-take-do-litomysle V\u0161echny d\u016fle\u017eit\u00e9 informace k j\u00edzd\u00e1m najdete na: www.vlaky.pardubickykraj.cz<\/p>\n","protected":false},"author":2,"featured_media":0,"comment_status":"closed","ping_status":"closed","sticky":false,"template":"","format":"standard","meta":{"footnotes":""},"categories":[1],"tags":[],"_links":{"self":[{"href":"https:\/\/www.dedova.cz\/index.php?rest_route=\/wp\/v2\/posts\/3281"}],"collection":[{"href":"https:\/\/www.dedova.cz\/index.php?rest_route=\/wp\/v2\/posts"}],"about":[{"href":"https:\/\/www.dedova.cz\/index.php?rest_route=\/wp\/v2\/types\/post"}],"author":[{"embeddable":true,"href":"https:\/\/www.dedova.cz\/index.php?rest_route=\/wp\/v2\/users\/2"}],"replies":[{"embeddable":true,"href":"https:\/\/www.dedova.cz\/index.php?rest_route=%2Fwp%2Fv2%2Fcomments&post=3281"}],"version-history":[{"count":1,"href":"https:\/\/www.dedova.cz\/index.php?rest_route=\/wp\/v2\/posts\/3281\/revisions"}],"predecessor-version":[{"id":3283,"href":"https:\/\/www.dedova.cz\/index.php?rest_route=\/wp\/v2\/posts\/3281\/revisions\/3283"}],"wp:attachment":[{"href":"https:\/\/www.dedova.cz\/index.php?rest_route=%2Fwp%2Fv2%2Fmedia&parent=3281"}],"wp:term":[{"taxonomy":"category","embeddable":true,"href":"https:\/\/www.dedova.cz\/index.php?rest_route=%2Fwp%2Fv2%2Fcategories&post=3281"},{"taxonomy":"post_tag","embeddable":true,"href":"https:\/\/www.dedova.cz\/index.php?rest_route=%2Fwp%2Fv2%2Ftags&post=3281"}],"curies":[{"name":"wp","href":"https:\/\/api.w.org\/{rel}","templated":true}]}}