{"id":3295,"date":"2025-07-07T17:00:53","date_gmt":"2025-07-07T16:00:53","guid":{"rendered":"https:\/\/www.dedova.cz\/?p=3295"},"modified":"2025-07-07T17:01:57","modified_gmt":"2025-07-07T16:01:57","slug":"sestra-pardubickeho-kraje","status":"publish","type":"post","link":"https:\/\/www.dedova.cz\/?p=3295","title":{"rendered":"Sestra Pardubick\u00e9ho kraje"},"content":{"rendered":"<p>Pan\u00ed <strong>Ludmila Hladk\u00e1 z Jen\u00edkova<\/strong> je mezi finalistkami sout\u011b\u017ee Sestra Pardubick\u00e9ho kraje. Pan\u00ed Hladk\u00e1 pracuje jako vrchn\u00ed sestra O\u0161et\u0159ovatelsk\u00e9 slu\u017eby a Dom\u00e1c\u00ed hospicov\u00e9 p\u00e9\u010de Oblastn\u00ed charity Nov\u00e9 Hrady u Skut\u010de.<\/p>\n<p>Kdo j\u00ed zn\u00e1 a r\u00e1d by j\u00ed podpo\u0159il, <strong>m\u016f\u017ee hlasovat zde<\/strong>:<\/p>\n<p><a href=\"https:\/\/sestra.pardubickykraj.cz\/\">https:\/\/sestra.pardubickykraj.cz\/<\/a><\/p>\n<p><a href=\"https:\/\/www.ihlinsko.cz\/ludmila-hladka-z-hlinecka-je-mezi-finalistkami-souteze-sestra-pardubickeho-kraje-verejnost-ji-muze-podporit-hlasem-1?fbclid=IwY2xjawLVtPhleHRuA2FlbQIxMQABHmKcD0r7_qyhYi3vfY825YvpVERWgrPjXCDaKqMXAy00jUdMjGrOkhzFdhWW_aem_MSP5h444N_6m0FRFlZiMh\">https:\/\/www.ihlinsko.cz\/ludmila-hladka-z-hlinecka-je-mezi-finalistkami-souteze-sestra-pardubickeho-kraje-verejnost-ji-muze-podporit-hlasem-1?fbclid=IwY2xjawLVtPhleHRuA2FlbQIxMQABHmKcD0r7_qyhYi3vfY825YvpVERWgrPjXCDaKqMXAy00jUdMjGrOkhzFdhWW_aem_MSP5h444N_6m0FRFlZiMh<\/a><\/p>\n","protected":false},"excerpt":{"rendered":"<p>Pan\u00ed Ludmila Hladk\u00e1 z Jen\u00edkova je mezi finalistkami sout\u011b\u017ee Sestra Pardubick\u00e9ho kraje. Pan\u00ed Hladk\u00e1 pracuje jako vrchn\u00ed sestra O\u0161et\u0159ovatelsk\u00e9 slu\u017eby a Dom\u00e1c\u00ed hospicov\u00e9 p\u00e9\u010de Oblastn\u00ed charity Nov\u00e9 Hrady u Skut\u010de. Kdo j\u00ed zn\u00e1 a r\u00e1d by j\u00ed podpo\u0159il, m\u016f\u017ee hlasovat zde: https:\/\/sestra.pardubickykraj.cz\/ https:\/\/www.ihlinsko.cz\/ludmila-hladka-z-hlinecka-je-mezi-finalistkami-souteze-sestra-pardubickeho-kraje-verejnost-ji-muze-podporit-hlasem-1?fbclid=IwY2xjawLVtPhleHRuA2FlbQIxMQABHmKcD0r7_qyhYi3vfY825YvpVERWgrPjXCDaKqMXAy00jUdMjGrOkhzFdhWW_aem_MSP5h444N_6m0FRFlZiMh<\/p>\n","protected":false},"author":2,"featured_media":0,"comment_status":"closed","ping_status":"closed","sticky":false,"template":"","format":"standard","meta":{"footnotes":""},"categories":[1],"tags":[],"_links":{"self":[{"href":"https:\/\/www.dedova.cz\/index.php?rest_route=\/wp\/v2\/posts\/3295"}],"collection":[{"href":"https:\/\/www.dedova.cz\/index.php?rest_route=\/wp\/v2\/posts"}],"about":[{"href":"https:\/\/www.dedova.cz\/index.php?rest_route=\/wp\/v2\/types\/post"}],"author":[{"embeddable":true,"href":"https:\/\/www.dedova.cz\/index.php?rest_route=\/wp\/v2\/users\/2"}],"replies":[{"embeddable":true,"href":"https:\/\/www.dedova.cz\/index.php?rest_route=%2Fwp%2Fv2%2Fcomments&post=3295"}],"version-history":[{"count":3,"href":"https:\/\/www.dedova.cz\/index.php?rest_route=\/wp\/v2\/posts\/3295\/revisions"}],"predecessor-version":[{"id":3298,"href":"https:\/\/www.dedova.cz\/index.php?rest_route=\/wp\/v2\/posts\/3295\/revisions\/3298"}],"wp:attachment":[{"href":"https:\/\/www.dedova.cz\/index.php?rest_route=%2Fwp%2Fv2%2Fmedia&parent=3295"}],"wp:term":[{"taxonomy":"category","embeddable":true,"href":"https:\/\/www.dedova.cz\/index.php?rest_route=%2Fwp%2Fv2%2Fcategories&post=3295"},{"taxonomy":"post_tag","embeddable":true,"href":"https:\/\/www.dedova.cz\/index.php?rest_route=%2Fwp%2Fv2%2Ftags&post=3295"}],"curies":[{"name":"wp","href":"https:\/\/api.w.org\/{rel}","templated":true}]}}