{"id":3584,"date":"2026-04-27T15:56:57","date_gmt":"2026-04-27T14:56:57","guid":{"rendered":"https:\/\/www.dedova.cz\/?p=3584"},"modified":"2026-04-27T16:26:24","modified_gmt":"2026-04-27T15:26:24","slug":"fotbal-kamenicky-3-5-2026","status":"publish","type":"post","link":"https:\/\/www.dedova.cz\/?p=3584","title":{"rendered":"Fotbal Kameni\u010dky  &#8211; 3. 5. 2026"},"content":{"rendered":"<p>&#8220;Prvn\u00ed kv\u011btnovou ned\u011bli se na dom\u00e1c\u00edm h\u0159i\u0161ti v Kameni\u010dk\u00e1ch p\u0159edstav\u00ed na\u0161e dva, v\u011bkov\u00e9, nejstar\u0161\u00ed t\u00fdmy. Ve 13.30 hod. zm\u011b\u0159\u00ed sv\u00e9 s\u00edly dorost s celkem z Horn\u00edho \u00dajezdu a pot\u00e9 v hlavn\u00edm odpoledn\u00edm z\u00e1pase od 17 hod. mu\u017ei, kte\u0159\u00ed p\u0159iv\u00edtaj\u00ed nep\u0159\u00edjemn\u00fd a nebezpe\u010dn\u00fd t\u00fdm z Ko\u010d\u00ed. Op\u011bt se budeme t\u011b\u0161it na bou\u0159livou dom\u00e1c\u00ed kulisu a podporu v boji o postup.&#8221;<\/p>\n<p><a href=\"https:\/\/www.dedova.cz\/?attachment_id=3585\" rel=\"attachment wp-att-3585\"><img decoding=\"async\" loading=\"lazy\" class=\"alignnone wp-image-3585\" src=\"https:\/\/www.dedova.cz\/wp-content\/uploads\/3.-5.-2026-dorost-1024x722.jpg\" alt=\"\" width=\"698\" height=\"493\" srcset=\"https:\/\/www.dedova.cz\/wp-content\/uploads\/3.-5.-2026-dorost-1024x722.jpg 1024w, https:\/\/www.dedova.cz\/wp-content\/uploads\/3.-5.-2026-dorost-300x212.jpg 300w, https:\/\/www.dedova.cz\/wp-content\/uploads\/3.-5.-2026-dorost-768x542.jpg 768w, https:\/\/www.dedova.cz\/wp-content\/uploads\/3.-5.-2026-dorost.jpg 1334w\" sizes=\"(max-width: 698px) 100vw, 698px\" \/><\/a><\/p>\n<p><a href=\"https:\/\/www.dedova.cz\/?attachment_id=3586\" rel=\"attachment wp-att-3586\"><img decoding=\"async\" loading=\"lazy\" class=\"alignnone wp-image-3586\" src=\"https:\/\/www.dedova.cz\/wp-content\/uploads\/3.-5.-2026-muzi-1024x720.jpg\" alt=\"\" width=\"643\" height=\"453\" srcset=\"https:\/\/www.dedova.cz\/wp-content\/uploads\/3.-5.-2026-muzi-1024x720.jpg 1024w, https:\/\/www.dedova.cz\/wp-content\/uploads\/3.-5.-2026-muzi-300x211.jpg 300w, https:\/\/www.dedova.cz\/wp-content\/uploads\/3.-5.-2026-muzi-768x540.jpg 768w, https:\/\/www.dedova.cz\/wp-content\/uploads\/3.-5.-2026-muzi.jpg 1336w\" sizes=\"(max-width: 643px) 100vw, 643px\" \/><\/a><\/p>\n","protected":false},"excerpt":{"rendered":"<p>&#8220;Prvn\u00ed kv\u011btnovou ned\u011bli se na dom\u00e1c\u00edm h\u0159i\u0161ti v Kameni\u010dk\u00e1ch p\u0159edstav\u00ed na\u0161e dva, v\u011bkov\u00e9, nejstar\u0161\u00ed t\u00fdmy. Ve 13.30 hod. zm\u011b\u0159\u00ed sv\u00e9 s\u00edly dorost s celkem z Horn\u00edho \u00dajezdu a pot\u00e9 v hlavn\u00edm odpoledn\u00edm z\u00e1pase od 17 hod. mu\u017ei, kte\u0159\u00ed p\u0159iv\u00edtaj\u00ed nep\u0159\u00edjemn\u00fd a nebezpe\u010dn\u00fd t\u00fdm z Ko\u010d\u00ed. Op\u011bt se budeme t\u011b\u0161it na bou\u0159livou dom\u00e1c\u00ed kulisu a podporu [&hellip;]<\/p>\n","protected":false},"author":2,"featured_media":0,"comment_status":"closed","ping_status":"closed","sticky":false,"template":"","format":"standard","meta":{"footnotes":""},"categories":[1],"tags":[],"_links":{"self":[{"href":"https:\/\/www.dedova.cz\/index.php?rest_route=\/wp\/v2\/posts\/3584"}],"collection":[{"href":"https:\/\/www.dedova.cz\/index.php?rest_route=\/wp\/v2\/posts"}],"about":[{"href":"https:\/\/www.dedova.cz\/index.php?rest_route=\/wp\/v2\/types\/post"}],"author":[{"embeddable":true,"href":"https:\/\/www.dedova.cz\/index.php?rest_route=\/wp\/v2\/users\/2"}],"replies":[{"embeddable":true,"href":"https:\/\/www.dedova.cz\/index.php?rest_route=%2Fwp%2Fv2%2Fcomments&post=3584"}],"version-history":[{"count":3,"href":"https:\/\/www.dedova.cz\/index.php?rest_route=\/wp\/v2\/posts\/3584\/revisions"}],"predecessor-version":[{"id":3589,"href":"https:\/\/www.dedova.cz\/index.php?rest_route=\/wp\/v2\/posts\/3584\/revisions\/3589"}],"wp:attachment":[{"href":"https:\/\/www.dedova.cz\/index.php?rest_route=%2Fwp%2Fv2%2Fmedia&parent=3584"}],"wp:term":[{"taxonomy":"category","embeddable":true,"href":"https:\/\/www.dedova.cz\/index.php?rest_route=%2Fwp%2Fv2%2Fcategories&post=3584"},{"taxonomy":"post_tag","embeddable":true,"href":"https:\/\/www.dedova.cz\/index.php?rest_route=%2Fwp%2Fv2%2Ftags&post=3584"}],"curies":[{"name":"wp","href":"https:\/\/api.w.org\/{rel}","templated":true}]}}